{"id":8698,"date":"2023-06-26T20:55:45","date_gmt":"2023-06-26T18:55:45","guid":{"rendered":"https:\/\/discimus-lab.com\/ziva-zgodovina-in-obicaji-na-slovenskem-stajerskem\/"},"modified":"2024-05-26T14:59:55","modified_gmt":"2024-05-26T12:59:55","slug":"ziva-zgodovina-in-obicaji-na-slovenskem-stajerskem","status":"publish","type":"post","link":"https:\/\/discimus-lab.com\/sl\/ziva-zgodovina-in-obicaji-na-slovenskem-stajerskem\/","title":{"rendered":"\u017diva zgodovina in obi\u010daji na slovenskem \u0160tajerskem"},"content":{"rendered":"<div class=\"wpb-content-wrapper\"><p>[vc_row][vc_column][vc_column_text]Projektni dan na pokrajinskem muzeju v Tr\u017ecu; z \u017eupanom Branejem Kolednikom, Marijo Kolednik \u010crnila, Andrejem Ga\u0161parjem, Sabino \u0160o\u0161tari\u010d in Silvom Pintari\u010dem. Projekt Mladina pi\u0161e s <a href=\"https:\/\/www.linkedin.com\/company\/frankfurter-allgemeine-zeitung\/\">Frankfurter Allgemeine Zeitung<\/a>\/FAZ, delovna skupina O\u0160 Videm pri Ptuju z Damjano Hli\u0161. Koordinacija\/fotografije: <a href=\"https:\/\/www.linkedin.com\/in\/monica-r-h%C3%BChner-0062a3195\/?lipi=urn%3Ali%3Apage%3Ad_flagship3_feed%3BpVYCeAPFSFuWDSdiQSQ2tw%3D%3D\">Dr. Monica H\u00fchner<\/a> in <a href=\"https:\/\/www.linkedin.com\/in\/ACoAAC3N5LYBy-zihm1nXCIQimZ-_cI2xoBbrWw\">Dr. Gerald H\u00fchner<\/a><\/p>\n<\/div>","protected":false},"excerpt":{"rendered":"<p>[vc_row][vc_column][vc_column_text]Projektni dan na pokrajinskem muzeju v Tr\u017ecu; z \u017eupanom Branejem Kolednikom, Marijo Kolednik \u010crnila, Andrejem Ga\u0161parjem, Sabino \u0160o\u0161tari\u010d in Silvom Pintari\u010dem. Projekt Mladina pi\u0161e s Frankfurter Allgemeine Zeitung\/FAZ, delovna skupina O\u0160 Videm pri Ptuju z Damjano Hli\u0161. Koordinacija\/fotografije: Dr. Monica H\u00fchner in Dr. Gerald H\u00fchner<\/p>\n","protected":false},"author":1,"featured_media":8710,"comment_status":"closed","ping_status":"closed","sticky":false,"template":"","format":"standard","meta":{"footnotes":""},"categories":[197],"tags":[],"class_list":["post-8698","post","type-post","status-publish","format-standard","has-post-thumbnail","hentry","category-novice"],"yoast_head":"<!-- This site is optimized with the Yoast SEO plugin v27.5 - https:\/\/yoast.com\/product\/yoast-seo-wordpress\/ -->\n<title>Projektni dan v Muzeju lokalne zgodovine Tr\u017eec<\/title>\n<meta name=\"description\" content=\"V Vidmu pri Ptuju na slovenskem \u0160tajerskem \u0161e vedno \u017eivijo zgodovina in tradicija. Mladi so vanjo mo\u010dno vklju\u010deni.\" \/>\n<meta name=\"robots\" content=\"index, follow, max-snippet:-1, max-image-preview:large, max-video-preview:-1\" \/>\n<link rel=\"canonical\" href=\"https:\/\/discimus-lab.com\/gelebte-geschichte-und-traditionen-in-der-slowenischen-steiermark\/\" \/>\n<meta property=\"og:locale\" content=\"sl_SI\" \/>\n<meta property=\"og:type\" content=\"article\" \/>\n<meta property=\"og:title\" content=\"Projektni dan v Muzeju lokalne zgodovine Tr\u017eec\" \/>\n<meta property=\"og:description\" content=\"V Vidmu pri Ptuju na slovenskem \u0160tajerskem \u0161e vedno \u017eivijo zgodovina in tradicija. Mladi so vanjo mo\u010dno vklju\u010deni.\" \/>\n<meta property=\"og:url\" content=\"https:\/\/discimus-lab.com\/gelebte-geschichte-und-traditionen-in-der-slowenischen-steiermark\/\" \/>\n<meta property=\"og:site_name\" content=\"Institut Discimus Lab Tr\u017eec\" \/>\n<meta property=\"article:publisher\" content=\"https:\/\/www.facebook.com\/profile.php?id=61552849460549\" \/>\n<meta property=\"article:published_time\" content=\"2023-06-26T18:55:45+00:00\" \/>\n<meta property=\"article:modified_time\" content=\"2024-05-26T12:59:55+00:00\" \/>\n<meta property=\"og:image\" content=\"https:\/\/discimus-lab.com\/wp-content\/uploads\/2023\/06\/20230620_090546-scaled.jpg\" \/>\n\t<meta property=\"og:image:width\" content=\"1200\" \/>\n\t<meta property=\"og:image:height\" content=\"540\" \/>\n\t<meta property=\"og:image:type\" content=\"image\/jpeg\" \/>\n<meta name=\"author\" content=\"admin\" \/>\n<meta name=\"twitter:card\" content=\"summary_large_image\" \/>\n<meta name=\"twitter:label1\" content=\"Written by\" \/>\n\t<meta name=\"twitter:data1\" content=\"admin\" \/>\n\t<meta name=\"twitter:label2\" content=\"Est. reading time\" \/>\n\t<meta name=\"twitter:data2\" content=\"1 minuta\" \/>\n<script type=\"application\/ld+json\" class=\"yoast-schema-graph\">{\"@context\":\"https:\\\/\\\/schema.org\",\"@graph\":[{\"@type\":\"Article\",\"@id\":\"https:\\\/\\\/discimus-lab.com\\\/gelebte-geschichte-und-traditionen-in-der-slowenischen-steiermark\\\/#article\",\"isPartOf\":{\"@id\":\"https:\\\/\\\/discimus-lab.com\\\/gelebte-geschichte-und-traditionen-in-der-slowenischen-steiermark\\\/\"},\"author\":{\"name\":\"admin\",\"@id\":\"https:\\\/\\\/discimus-lab.com\\\/#\\\/schema\\\/person\\\/928c3cd9dd5e4c796814144fea713f21\"},\"headline\":\"\u017diva zgodovina in obi\u010daji na slovenskem \u0160tajerskem\",\"datePublished\":\"2023-06-26T18:55:45+00:00\",\"dateModified\":\"2024-05-26T12:59:55+00:00\",\"mainEntityOfPage\":{\"@id\":\"https:\\\/\\\/discimus-lab.com\\\/gelebte-geschichte-und-traditionen-in-der-slowenischen-steiermark\\\/\"},\"wordCount\":69,\"publisher\":{\"@id\":\"https:\\\/\\\/discimus-lab.com\\\/#organization\"},\"image\":{\"@id\":\"https:\\\/\\\/discimus-lab.com\\\/gelebte-geschichte-und-traditionen-in-der-slowenischen-steiermark\\\/#primaryimage\"},\"thumbnailUrl\":\"https:\\\/\\\/discimus-lab.com\\\/wp-content\\\/uploads\\\/2023\\\/06\\\/20230620_090546-scaled.jpg\",\"articleSection\":[\"Aktualno\"],\"inLanguage\":\"sl-SI\"},{\"@type\":\"WebPage\",\"@id\":\"https:\\\/\\\/discimus-lab.com\\\/gelebte-geschichte-und-traditionen-in-der-slowenischen-steiermark\\\/\",\"url\":\"https:\\\/\\\/discimus-lab.com\\\/gelebte-geschichte-und-traditionen-in-der-slowenischen-steiermark\\\/\",\"name\":\"Projektni dan v Muzeju lokalne zgodovine Tr\u017eec\",\"isPartOf\":{\"@id\":\"https:\\\/\\\/discimus-lab.com\\\/#website\"},\"primaryImageOfPage\":{\"@id\":\"https:\\\/\\\/discimus-lab.com\\\/gelebte-geschichte-und-traditionen-in-der-slowenischen-steiermark\\\/#primaryimage\"},\"image\":{\"@id\":\"https:\\\/\\\/discimus-lab.com\\\/gelebte-geschichte-und-traditionen-in-der-slowenischen-steiermark\\\/#primaryimage\"},\"thumbnailUrl\":\"https:\\\/\\\/discimus-lab.com\\\/wp-content\\\/uploads\\\/2023\\\/06\\\/20230620_090546-scaled.jpg\",\"datePublished\":\"2023-06-26T18:55:45+00:00\",\"dateModified\":\"2024-05-26T12:59:55+00:00\",\"description\":\"V Vidmu pri Ptuju na slovenskem \u0160tajerskem \u0161e vedno \u017eivijo zgodovina in tradicija. Mladi so vanjo mo\u010dno vklju\u010deni.\",\"breadcrumb\":{\"@id\":\"https:\\\/\\\/discimus-lab.com\\\/gelebte-geschichte-und-traditionen-in-der-slowenischen-steiermark\\\/#breadcrumb\"},\"inLanguage\":\"sl-SI\",\"potentialAction\":[{\"@type\":\"ReadAction\",\"target\":[\"https:\\\/\\\/discimus-lab.com\\\/gelebte-geschichte-und-traditionen-in-der-slowenischen-steiermark\\\/\"]}]},{\"@type\":\"ImageObject\",\"inLanguage\":\"sl-SI\",\"@id\":\"https:\\\/\\\/discimus-lab.com\\\/gelebte-geschichte-und-traditionen-in-der-slowenischen-steiermark\\\/#primaryimage\",\"url\":\"https:\\\/\\\/discimus-lab.com\\\/wp-content\\\/uploads\\\/2023\\\/06\\\/20230620_090546-scaled.jpg\",\"contentUrl\":\"https:\\\/\\\/discimus-lab.com\\\/wp-content\\\/uploads\\\/2023\\\/06\\\/20230620_090546-scaled.jpg\",\"width\":1200,\"height\":540},{\"@type\":\"BreadcrumbList\",\"@id\":\"https:\\\/\\\/discimus-lab.com\\\/gelebte-geschichte-und-traditionen-in-der-slowenischen-steiermark\\\/#breadcrumb\",\"itemListElement\":[{\"@type\":\"ListItem\",\"position\":1,\"name\":\"Startseite\",\"item\":\"https:\\\/\\\/discimus-lab.com\\\/sl\\\/\"},{\"@type\":\"ListItem\",\"position\":2,\"name\":\"\u017diva zgodovina in obi\u010daji na slovenskem \u0160tajerskem\"}]},{\"@type\":\"WebSite\",\"@id\":\"https:\\\/\\\/discimus-lab.com\\\/#website\",\"url\":\"https:\\\/\\\/discimus-lab.com\\\/\",\"name\":\"Institut Discimus Lab Tr\u017eec\",\"description\":\"Zavod Discimus Lab Tr\u017eec\",\"publisher\":{\"@id\":\"https:\\\/\\\/discimus-lab.com\\\/#organization\"},\"potentialAction\":[{\"@type\":\"SearchAction\",\"target\":{\"@type\":\"EntryPoint\",\"urlTemplate\":\"https:\\\/\\\/discimus-lab.com\\\/?s={search_term_string}\"},\"query-input\":{\"@type\":\"PropertyValueSpecification\",\"valueRequired\":true,\"valueName\":\"search_term_string\"}}],\"inLanguage\":\"sl-SI\"},{\"@type\":\"Organization\",\"@id\":\"https:\\\/\\\/discimus-lab.com\\\/#organization\",\"name\":\"Institut Discimus Lab Tr\u017eec\",\"url\":\"https:\\\/\\\/discimus-lab.com\\\/\",\"logo\":{\"@type\":\"ImageObject\",\"inLanguage\":\"sl-SI\",\"@id\":\"https:\\\/\\\/discimus-lab.com\\\/#\\\/schema\\\/logo\\\/image\\\/\",\"url\":\"https:\\\/\\\/discimus-lab.com\\\/wp-content\\\/uploads\\\/2021\\\/09\\\/DL-640x221.png\",\"contentUrl\":\"https:\\\/\\\/discimus-lab.com\\\/wp-content\\\/uploads\\\/2021\\\/09\\\/DL-640x221.png\",\"width\":643,\"height\":222,\"caption\":\"Institut Discimus Lab Tr\u017eec\"},\"image\":{\"@id\":\"https:\\\/\\\/discimus-lab.com\\\/#\\\/schema\\\/logo\\\/image\\\/\"},\"sameAs\":[\"https:\\\/\\\/www.facebook.com\\\/profile.php?id=61552849460549\",\"https:\\\/\\\/www.linkedin.com\\\/company\\\/76269864\\\/\",\"https:\\\/\\\/www.instagram.com\\\/discimus_lab\\\/\"]},{\"@type\":\"Person\",\"@id\":\"https:\\\/\\\/discimus-lab.com\\\/#\\\/schema\\\/person\\\/928c3cd9dd5e4c796814144fea713f21\",\"name\":\"admin\",\"image\":{\"@type\":\"ImageObject\",\"inLanguage\":\"sl-SI\",\"@id\":\"https:\\\/\\\/secure.gravatar.com\\\/avatar\\\/07b32fed310c95150b561ce6d226303986b7a2b8cc42522098fa5582de6e7c36?s=96&d=mm&r=g\",\"url\":\"https:\\\/\\\/secure.gravatar.com\\\/avatar\\\/07b32fed310c95150b561ce6d226303986b7a2b8cc42522098fa5582de6e7c36?s=96&d=mm&r=g\",\"contentUrl\":\"https:\\\/\\\/secure.gravatar.com\\\/avatar\\\/07b32fed310c95150b561ce6d226303986b7a2b8cc42522098fa5582de6e7c36?s=96&d=mm&r=g\",\"caption\":\"admin\"},\"sameAs\":[\"https:\\\/\\\/discimus-lab.com\"],\"url\":\"https:\\\/\\\/discimus-lab.com\\\/sl\\\/author\\\/admin\\\/\"}]}<\/script>\n<!-- \/ Yoast SEO plugin. -->","yoast_head_json":{"title":"Projektni dan v Muzeju lokalne zgodovine Tr\u017eec","description":"V Vidmu pri Ptuju na slovenskem \u0160tajerskem \u0161e vedno \u017eivijo zgodovina in tradicija. Mladi so vanjo mo\u010dno vklju\u010deni.","robots":{"index":"index","follow":"follow","max-snippet":"max-snippet:-1","max-image-preview":"max-image-preview:large","max-video-preview":"max-video-preview:-1"},"canonical":"https:\/\/discimus-lab.com\/gelebte-geschichte-und-traditionen-in-der-slowenischen-steiermark\/","og_locale":"sl_SI","og_type":"article","og_title":"Projektni dan v Muzeju lokalne zgodovine Tr\u017eec","og_description":"V Vidmu pri Ptuju na slovenskem \u0160tajerskem \u0161e vedno \u017eivijo zgodovina in tradicija. Mladi so vanjo mo\u010dno vklju\u010deni.","og_url":"https:\/\/discimus-lab.com\/gelebte-geschichte-und-traditionen-in-der-slowenischen-steiermark\/","og_site_name":"Institut Discimus Lab Tr\u017eec","article_publisher":"https:\/\/www.facebook.com\/profile.php?id=61552849460549","article_published_time":"2023-06-26T18:55:45+00:00","article_modified_time":"2024-05-26T12:59:55+00:00","og_image":[{"width":1200,"height":540,"url":"https:\/\/discimus-lab.com\/wp-content\/uploads\/2023\/06\/20230620_090546-scaled.jpg","type":"image\/jpeg"}],"author":"admin","twitter_card":"summary_large_image","twitter_misc":{"Written by":"admin","Est. reading time":"1 minuta"},"schema":{"@context":"https:\/\/schema.org","@graph":[{"@type":"Article","@id":"https:\/\/discimus-lab.com\/gelebte-geschichte-und-traditionen-in-der-slowenischen-steiermark\/#article","isPartOf":{"@id":"https:\/\/discimus-lab.com\/gelebte-geschichte-und-traditionen-in-der-slowenischen-steiermark\/"},"author":{"name":"admin","@id":"https:\/\/discimus-lab.com\/#\/schema\/person\/928c3cd9dd5e4c796814144fea713f21"},"headline":"\u017diva zgodovina in obi\u010daji na slovenskem \u0160tajerskem","datePublished":"2023-06-26T18:55:45+00:00","dateModified":"2024-05-26T12:59:55+00:00","mainEntityOfPage":{"@id":"https:\/\/discimus-lab.com\/gelebte-geschichte-und-traditionen-in-der-slowenischen-steiermark\/"},"wordCount":69,"publisher":{"@id":"https:\/\/discimus-lab.com\/#organization"},"image":{"@id":"https:\/\/discimus-lab.com\/gelebte-geschichte-und-traditionen-in-der-slowenischen-steiermark\/#primaryimage"},"thumbnailUrl":"https:\/\/discimus-lab.com\/wp-content\/uploads\/2023\/06\/20230620_090546-scaled.jpg","articleSection":["Aktualno"],"inLanguage":"sl-SI"},{"@type":"WebPage","@id":"https:\/\/discimus-lab.com\/gelebte-geschichte-und-traditionen-in-der-slowenischen-steiermark\/","url":"https:\/\/discimus-lab.com\/gelebte-geschichte-und-traditionen-in-der-slowenischen-steiermark\/","name":"Projektni dan v Muzeju lokalne zgodovine Tr\u017eec","isPartOf":{"@id":"https:\/\/discimus-lab.com\/#website"},"primaryImageOfPage":{"@id":"https:\/\/discimus-lab.com\/gelebte-geschichte-und-traditionen-in-der-slowenischen-steiermark\/#primaryimage"},"image":{"@id":"https:\/\/discimus-lab.com\/gelebte-geschichte-und-traditionen-in-der-slowenischen-steiermark\/#primaryimage"},"thumbnailUrl":"https:\/\/discimus-lab.com\/wp-content\/uploads\/2023\/06\/20230620_090546-scaled.jpg","datePublished":"2023-06-26T18:55:45+00:00","dateModified":"2024-05-26T12:59:55+00:00","description":"V Vidmu pri Ptuju na slovenskem \u0160tajerskem \u0161e vedno \u017eivijo zgodovina in tradicija. Mladi so vanjo mo\u010dno vklju\u010deni.","breadcrumb":{"@id":"https:\/\/discimus-lab.com\/gelebte-geschichte-und-traditionen-in-der-slowenischen-steiermark\/#breadcrumb"},"inLanguage":"sl-SI","potentialAction":[{"@type":"ReadAction","target":["https:\/\/discimus-lab.com\/gelebte-geschichte-und-traditionen-in-der-slowenischen-steiermark\/"]}]},{"@type":"ImageObject","inLanguage":"sl-SI","@id":"https:\/\/discimus-lab.com\/gelebte-geschichte-und-traditionen-in-der-slowenischen-steiermark\/#primaryimage","url":"https:\/\/discimus-lab.com\/wp-content\/uploads\/2023\/06\/20230620_090546-scaled.jpg","contentUrl":"https:\/\/discimus-lab.com\/wp-content\/uploads\/2023\/06\/20230620_090546-scaled.jpg","width":1200,"height":540},{"@type":"BreadcrumbList","@id":"https:\/\/discimus-lab.com\/gelebte-geschichte-und-traditionen-in-der-slowenischen-steiermark\/#breadcrumb","itemListElement":[{"@type":"ListItem","position":1,"name":"Startseite","item":"https:\/\/discimus-lab.com\/sl\/"},{"@type":"ListItem","position":2,"name":"\u017diva zgodovina in obi\u010daji na slovenskem \u0160tajerskem"}]},{"@type":"WebSite","@id":"https:\/\/discimus-lab.com\/#website","url":"https:\/\/discimus-lab.com\/","name":"Institut Discimus Lab Tr\u017eec","description":"Zavod Discimus Lab Tr\u017eec","publisher":{"@id":"https:\/\/discimus-lab.com\/#organization"},"potentialAction":[{"@type":"SearchAction","target":{"@type":"EntryPoint","urlTemplate":"https:\/\/discimus-lab.com\/?s={search_term_string}"},"query-input":{"@type":"PropertyValueSpecification","valueRequired":true,"valueName":"search_term_string"}}],"inLanguage":"sl-SI"},{"@type":"Organization","@id":"https:\/\/discimus-lab.com\/#organization","name":"Institut Discimus Lab Tr\u017eec","url":"https:\/\/discimus-lab.com\/","logo":{"@type":"ImageObject","inLanguage":"sl-SI","@id":"https:\/\/discimus-lab.com\/#\/schema\/logo\/image\/","url":"https:\/\/discimus-lab.com\/wp-content\/uploads\/2021\/09\/DL-640x221.png","contentUrl":"https:\/\/discimus-lab.com\/wp-content\/uploads\/2021\/09\/DL-640x221.png","width":643,"height":222,"caption":"Institut Discimus Lab Tr\u017eec"},"image":{"@id":"https:\/\/discimus-lab.com\/#\/schema\/logo\/image\/"},"sameAs":["https:\/\/www.facebook.com\/profile.php?id=61552849460549","https:\/\/www.linkedin.com\/company\/76269864\/","https:\/\/www.instagram.com\/discimus_lab\/"]},{"@type":"Person","@id":"https:\/\/discimus-lab.com\/#\/schema\/person\/928c3cd9dd5e4c796814144fea713f21","name":"admin","image":{"@type":"ImageObject","inLanguage":"sl-SI","@id":"https:\/\/secure.gravatar.com\/avatar\/07b32fed310c95150b561ce6d226303986b7a2b8cc42522098fa5582de6e7c36?s=96&d=mm&r=g","url":"https:\/\/secure.gravatar.com\/avatar\/07b32fed310c95150b561ce6d226303986b7a2b8cc42522098fa5582de6e7c36?s=96&d=mm&r=g","contentUrl":"https:\/\/secure.gravatar.com\/avatar\/07b32fed310c95150b561ce6d226303986b7a2b8cc42522098fa5582de6e7c36?s=96&d=mm&r=g","caption":"admin"},"sameAs":["https:\/\/discimus-lab.com"],"url":"https:\/\/discimus-lab.com\/sl\/author\/admin\/"}]}},"_links":{"self":[{"href":"https:\/\/discimus-lab.com\/sl\/wp-json\/wp\/v2\/posts\/8698","targetHints":{"allow":["GET"]}}],"collection":[{"href":"https:\/\/discimus-lab.com\/sl\/wp-json\/wp\/v2\/posts"}],"about":[{"href":"https:\/\/discimus-lab.com\/sl\/wp-json\/wp\/v2\/types\/post"}],"author":[{"embeddable":true,"href":"https:\/\/discimus-lab.com\/sl\/wp-json\/wp\/v2\/users\/1"}],"replies":[{"embeddable":true,"href":"https:\/\/discimus-lab.com\/sl\/wp-json\/wp\/v2\/comments?post=8698"}],"version-history":[{"count":4,"href":"https:\/\/discimus-lab.com\/sl\/wp-json\/wp\/v2\/posts\/8698\/revisions"}],"predecessor-version":[{"id":10189,"href":"https:\/\/discimus-lab.com\/sl\/wp-json\/wp\/v2\/posts\/8698\/revisions\/10189"}],"wp:featuredmedia":[{"embeddable":true,"href":"https:\/\/discimus-lab.com\/sl\/wp-json\/wp\/v2\/media\/8710"}],"wp:attachment":[{"href":"https:\/\/discimus-lab.com\/sl\/wp-json\/wp\/v2\/media?parent=8698"}],"wp:term":[{"taxonomy":"category","embeddable":true,"href":"https:\/\/discimus-lab.com\/sl\/wp-json\/wp\/v2\/categories?post=8698"},{"taxonomy":"post_tag","embeddable":true,"href":"https:\/\/discimus-lab.com\/sl\/wp-json\/wp\/v2\/tags?post=8698"}],"curies":[{"name":"wp","href":"https:\/\/api.w.org\/{rel}","templated":true}]}}