{"id":10799,"date":"2024-10-24T14:52:10","date_gmt":"2024-10-24T12:52:10","guid":{"rendered":"https:\/\/discimus-lab.com\/zacetek-projektnega-leta-jugend-schreibt-mladina-pise-2025\/"},"modified":"2024-10-24T14:52:10","modified_gmt":"2024-10-24T12:52:10","slug":"zacetek-projektnega-leta-jugend-schreibt-mladina-pise-2025","status":"publish","type":"post","link":"https:\/\/discimus-lab.com\/sl\/zacetek-projektnega-leta-jugend-schreibt-mladina-pise-2025\/","title":{"rendered":"Za\u010detek projektnega leta &#8220;Jugend schreibt&#8221; (Mladina pi\u0161e) 2025"},"content":{"rendered":"<p><span class=\"break-words tvm-parent-container\"><span dir=\"ltr\">Za\u010detek projektnega leta &#8220;Jugend schreibt&#8221; (Mladina pi\u0161e) 2025, \u0161e vedno pod geslom &#8220;<\/span><\/span><span class=\"break-words tvm-parent-container\"><span dir=\"ltr\">Discover Slovenia in <a class=\"app-aware-link \" href=\"https:\/\/www.linkedin.com\/company\/frankfurter-allgemeine-zeitung\/\" target=\"_self\" rel=\"noopener\" data-test-app-aware-link=\"\">Frankfurter Allgemeine Zeitung<\/a>\/FAZ&#8221;<\/span><\/span><span class=\"break-words tvm-parent-container\"><span dir=\"ltr\">.<br \/>\nNa povabilo gostitelja, <a class=\"app-aware-link \" href=\"https:\/\/www.linkedin.com\/company\/municipality-of-celje\/\" target=\"_self\" rel=\"noopener\" data-test-app-aware-link=\"\">Municipality of Celje \/ Mestna Ob\u010dina Celje<\/a>, <a id=\"ember589\" class=\"ember-view\" href=\"https:\/\/www.linkedin.com\/in\/gregor-deleja\/\">Gregor Deleja<\/a>, ki jo je zastopal Gregor Deleja, je v Celjski ko\u010di od 21. do 22. oktobra 2024 potekal kick-off za nov projekt s FAZ. Delovna skupina iz Celja je bila del \u201eEkipe Slovenija\u201c, v kateri je bilo skupaj 21 dijakov ob podpori u\u010diteljev iz petih osnovnih in srednjih \u0161ol\/gimnazij.<br \/>\nProgram je vklju\u010deval tako team building kot tudi uvod v novinarsko delo, zgodovino projekta v Sloveniji, prakti\u010dne nasvete za konkretno izvedbo in za\u010detne korake za prihodnje delo.<br \/>\nDvodnevna delavnica je vklju\u010devala tudi nastop \u201eElvisa iz Celja na novinarski konferenci\u201c, ki mu je sledil uvodni intervju z u\u010denci novinarji.<br \/>\nVsem sodelujo\u010dim se zahvaljujemo za izkazano zanimanje, zavzeto in spodbudno sodelovanje, celjskemu igralcu <a id=\"ember590\" class=\"ember-view\" href=\"https:\/\/www.linkedin.com\/in\/renato-jen%C4%8Dek-0525883a\/\">Renatu Jen\u010dku<\/a> za navdihujo\u010d in pou\u010den prispevek k programu, predvsem pa MO Celje, ki je dogodek omogo\u010dila in bo projekt pod svojim okriljem \u0161e naprej ponujala v Celju. Koordinacija\/vodenje: <a class=\"app-aware-link \" href=\"https:\/\/www.linkedin.com\/company\/discimus-lab\/\" target=\"_self\" rel=\"noopener\" data-test-app-aware-link=\"\">INSTITUT DISCIMUS LAB<\/a><br \/>\n<\/span><\/span><\/p>\n<p><img fetchpriority=\"high\" decoding=\"async\" class=\"alignnone wp-image-10792 size-full\" src=\"https:\/\/discimus-lab.com\/wp-content\/uploads\/2024\/10\/Collage.jpg\" alt=\"\" width=\"1280\" height=\"720\" srcset=\"https:\/\/discimus-lab.com\/wp-content\/uploads\/2024\/10\/Collage.jpg 1280w, https:\/\/discimus-lab.com\/wp-content\/uploads\/2024\/10\/Collage-300x169.jpg 300w, https:\/\/discimus-lab.com\/wp-content\/uploads\/2024\/10\/Collage-1024x576.jpg 1024w, https:\/\/discimus-lab.com\/wp-content\/uploads\/2024\/10\/Collage-150x84.jpg 150w, https:\/\/discimus-lab.com\/wp-content\/uploads\/2024\/10\/Collage-768x432.jpg 768w\" sizes=\"(max-width: 1280px) 100vw, 1280px\" \/><\/p>\n","protected":false},"excerpt":{"rendered":"<p>Za\u010detek projektnega leta &#8220;Jugend schreibt&#8221; (Mladina pi\u0161e) 2025, \u0161e vedno pod geslom &#8220;Discover Slovenia in Frankfurter Allgemeine Zeitung\/FAZ&#8221;. Na povabilo gostitelja, Municipality of Celje \/ Mestna Ob\u010dina Celje, Gregor Deleja, ki jo je zastopal Gregor Deleja, je v Celjski ko\u010di od 21. do 22. oktobra 2024 potekal kick-off za nov projekt s FAZ. Delovna skupina [&hellip;]<\/p>\n","protected":false},"author":1,"featured_media":0,"comment_status":"closed","ping_status":"closed","sticky":false,"template":"","format":"standard","meta":{"footnotes":""},"categories":[197],"tags":[],"class_list":["post-10799","post","type-post","status-publish","format-standard","hentry","category-novice"],"yoast_head":"<!-- This site is optimized with the Yoast SEO plugin v27.5 - https:\/\/yoast.com\/product\/yoast-seo-wordpress\/ -->\n<title>Za\u010detek za projektno leto 2025<\/title>\n<meta name=\"description\" content=\"Na povabilo gostitelja, Mestne ob\u010dine Celje, je med 21. in 22. oktobrom 2024 potekal za\u010detek novega projektnega leta \u201eMladi pi\u0161ejo\u201c 2025.\" \/>\n<meta name=\"robots\" content=\"index, follow, max-snippet:-1, max-image-preview:large, max-video-preview:-1\" \/>\n<link rel=\"canonical\" href=\"https:\/\/discimus-lab.com\/anstoss-zu-projektjahr-2025\/\" \/>\n<meta property=\"og:locale\" content=\"sl_SI\" \/>\n<meta property=\"og:type\" content=\"article\" \/>\n<meta property=\"og:title\" content=\"Za\u010detek za projektno leto 2025\" \/>\n<meta property=\"og:description\" content=\"Na povabilo gostitelja, Mestne ob\u010dine Celje, je med 21. in 22. oktobrom 2024 potekal za\u010detek novega projektnega leta \u201eMladi pi\u0161ejo\u201c 2025.\" \/>\n<meta property=\"og:url\" content=\"https:\/\/discimus-lab.com\/anstoss-zu-projektjahr-2025\/\" \/>\n<meta property=\"og:site_name\" content=\"Institut Discimus Lab Tr\u017eec\" \/>\n<meta property=\"article:publisher\" content=\"https:\/\/www.facebook.com\/profile.php?id=61552849460549\" \/>\n<meta property=\"article:published_time\" content=\"2024-10-24T12:52:10+00:00\" \/>\n<meta property=\"og:image\" content=\"https:\/\/discimus-lab.com\/wp-content\/uploads\/2024\/10\/Collage.jpg\" \/>\n\t<meta property=\"og:image:width\" content=\"1280\" \/>\n\t<meta property=\"og:image:height\" content=\"720\" \/>\n\t<meta property=\"og:image:type\" content=\"image\/jpeg\" \/>\n<meta name=\"author\" content=\"admin\" \/>\n<meta name=\"twitter:card\" content=\"summary_large_image\" \/>\n<meta name=\"twitter:label1\" content=\"Written by\" \/>\n\t<meta name=\"twitter:data1\" content=\"admin\" \/>\n\t<meta name=\"twitter:label2\" content=\"Est. reading time\" \/>\n\t<meta name=\"twitter:data2\" content=\"1 minuta\" \/>\n<script type=\"application\/ld+json\" class=\"yoast-schema-graph\">{\"@context\":\"https:\\\/\\\/schema.org\",\"@graph\":[{\"@type\":\"Article\",\"@id\":\"https:\\\/\\\/discimus-lab.com\\\/anstoss-zu-projektjahr-2025\\\/#article\",\"isPartOf\":{\"@id\":\"https:\\\/\\\/discimus-lab.com\\\/anstoss-zu-projektjahr-2025\\\/\"},\"author\":{\"name\":\"admin\",\"@id\":\"https:\\\/\\\/discimus-lab.com\\\/#\\\/schema\\\/person\\\/928c3cd9dd5e4c796814144fea713f21\"},\"headline\":\"Za\u010detek projektnega leta &#8220;Jugend schreibt&#8221; (Mladina pi\u0161e) 2025\",\"datePublished\":\"2024-10-24T12:52:10+00:00\",\"mainEntityOfPage\":{\"@id\":\"https:\\\/\\\/discimus-lab.com\\\/anstoss-zu-projektjahr-2025\\\/\"},\"wordCount\":191,\"publisher\":{\"@id\":\"https:\\\/\\\/discimus-lab.com\\\/#organization\"},\"image\":{\"@id\":\"https:\\\/\\\/discimus-lab.com\\\/anstoss-zu-projektjahr-2025\\\/#primaryimage\"},\"thumbnailUrl\":\"https:\\\/\\\/discimus-lab.com\\\/wp-content\\\/uploads\\\/2024\\\/10\\\/Collage.jpg\",\"articleSection\":[\"Aktualno\"],\"inLanguage\":\"sl-SI\"},{\"@type\":\"WebPage\",\"@id\":\"https:\\\/\\\/discimus-lab.com\\\/anstoss-zu-projektjahr-2025\\\/\",\"url\":\"https:\\\/\\\/discimus-lab.com\\\/anstoss-zu-projektjahr-2025\\\/\",\"name\":\"Za\u010detek za projektno leto 2025\",\"isPartOf\":{\"@id\":\"https:\\\/\\\/discimus-lab.com\\\/#website\"},\"primaryImageOfPage\":{\"@id\":\"https:\\\/\\\/discimus-lab.com\\\/anstoss-zu-projektjahr-2025\\\/#primaryimage\"},\"image\":{\"@id\":\"https:\\\/\\\/discimus-lab.com\\\/anstoss-zu-projektjahr-2025\\\/#primaryimage\"},\"thumbnailUrl\":\"https:\\\/\\\/discimus-lab.com\\\/wp-content\\\/uploads\\\/2024\\\/10\\\/Collage.jpg\",\"datePublished\":\"2024-10-24T12:52:10+00:00\",\"description\":\"Na povabilo gostitelja, Mestne ob\u010dine Celje, je med 21. in 22. oktobrom 2024 potekal za\u010detek novega projektnega leta \u201eMladi pi\u0161ejo\u201c 2025.\",\"breadcrumb\":{\"@id\":\"https:\\\/\\\/discimus-lab.com\\\/anstoss-zu-projektjahr-2025\\\/#breadcrumb\"},\"inLanguage\":\"sl-SI\",\"potentialAction\":[{\"@type\":\"ReadAction\",\"target\":[\"https:\\\/\\\/discimus-lab.com\\\/anstoss-zu-projektjahr-2025\\\/\"]}]},{\"@type\":\"ImageObject\",\"inLanguage\":\"sl-SI\",\"@id\":\"https:\\\/\\\/discimus-lab.com\\\/anstoss-zu-projektjahr-2025\\\/#primaryimage\",\"url\":\"https:\\\/\\\/discimus-lab.com\\\/wp-content\\\/uploads\\\/2024\\\/10\\\/Collage.jpg\",\"contentUrl\":\"https:\\\/\\\/discimus-lab.com\\\/wp-content\\\/uploads\\\/2024\\\/10\\\/Collage.jpg\"},{\"@type\":\"BreadcrumbList\",\"@id\":\"https:\\\/\\\/discimus-lab.com\\\/anstoss-zu-projektjahr-2025\\\/#breadcrumb\",\"itemListElement\":[{\"@type\":\"ListItem\",\"position\":1,\"name\":\"Startseite\",\"item\":\"https:\\\/\\\/discimus-lab.com\\\/sl\\\/\"},{\"@type\":\"ListItem\",\"position\":2,\"name\":\"Za\u010detek projektnega leta &#8222;Jugend schreibt&#8220; (Mladina pi\u0161e) 2025\"}]},{\"@type\":\"WebSite\",\"@id\":\"https:\\\/\\\/discimus-lab.com\\\/#website\",\"url\":\"https:\\\/\\\/discimus-lab.com\\\/\",\"name\":\"Institut Discimus Lab Tr\u017eec\",\"description\":\"Zavod Discimus Lab Tr\u017eec\",\"publisher\":{\"@id\":\"https:\\\/\\\/discimus-lab.com\\\/#organization\"},\"potentialAction\":[{\"@type\":\"SearchAction\",\"target\":{\"@type\":\"EntryPoint\",\"urlTemplate\":\"https:\\\/\\\/discimus-lab.com\\\/?s={search_term_string}\"},\"query-input\":{\"@type\":\"PropertyValueSpecification\",\"valueRequired\":true,\"valueName\":\"search_term_string\"}}],\"inLanguage\":\"sl-SI\"},{\"@type\":\"Organization\",\"@id\":\"https:\\\/\\\/discimus-lab.com\\\/#organization\",\"name\":\"Institut Discimus Lab Tr\u017eec\",\"url\":\"https:\\\/\\\/discimus-lab.com\\\/\",\"logo\":{\"@type\":\"ImageObject\",\"inLanguage\":\"sl-SI\",\"@id\":\"https:\\\/\\\/discimus-lab.com\\\/#\\\/schema\\\/logo\\\/image\\\/\",\"url\":\"https:\\\/\\\/discimus-lab.com\\\/wp-content\\\/uploads\\\/2021\\\/09\\\/DL-640x221.png\",\"contentUrl\":\"https:\\\/\\\/discimus-lab.com\\\/wp-content\\\/uploads\\\/2021\\\/09\\\/DL-640x221.png\",\"width\":643,\"height\":222,\"caption\":\"Institut Discimus Lab Tr\u017eec\"},\"image\":{\"@id\":\"https:\\\/\\\/discimus-lab.com\\\/#\\\/schema\\\/logo\\\/image\\\/\"},\"sameAs\":[\"https:\\\/\\\/www.facebook.com\\\/profile.php?id=61552849460549\",\"https:\\\/\\\/www.linkedin.com\\\/company\\\/76269864\\\/\",\"https:\\\/\\\/www.instagram.com\\\/discimus_lab\\\/\"]},{\"@type\":\"Person\",\"@id\":\"https:\\\/\\\/discimus-lab.com\\\/#\\\/schema\\\/person\\\/928c3cd9dd5e4c796814144fea713f21\",\"name\":\"admin\",\"image\":{\"@type\":\"ImageObject\",\"inLanguage\":\"sl-SI\",\"@id\":\"https:\\\/\\\/secure.gravatar.com\\\/avatar\\\/07b32fed310c95150b561ce6d226303986b7a2b8cc42522098fa5582de6e7c36?s=96&d=mm&r=g\",\"url\":\"https:\\\/\\\/secure.gravatar.com\\\/avatar\\\/07b32fed310c95150b561ce6d226303986b7a2b8cc42522098fa5582de6e7c36?s=96&d=mm&r=g\",\"contentUrl\":\"https:\\\/\\\/secure.gravatar.com\\\/avatar\\\/07b32fed310c95150b561ce6d226303986b7a2b8cc42522098fa5582de6e7c36?s=96&d=mm&r=g\",\"caption\":\"admin\"},\"sameAs\":[\"https:\\\/\\\/discimus-lab.com\"],\"url\":\"https:\\\/\\\/discimus-lab.com\\\/sl\\\/author\\\/admin\\\/\"}]}<\/script>\n<!-- \/ Yoast SEO plugin. -->","yoast_head_json":{"title":"Za\u010detek za projektno leto 2025","description":"Na povabilo gostitelja, Mestne ob\u010dine Celje, je med 21. in 22. oktobrom 2024 potekal za\u010detek novega projektnega leta \u201eMladi pi\u0161ejo\u201c 2025.","robots":{"index":"index","follow":"follow","max-snippet":"max-snippet:-1","max-image-preview":"max-image-preview:large","max-video-preview":"max-video-preview:-1"},"canonical":"https:\/\/discimus-lab.com\/anstoss-zu-projektjahr-2025\/","og_locale":"sl_SI","og_type":"article","og_title":"Za\u010detek za projektno leto 2025","og_description":"Na povabilo gostitelja, Mestne ob\u010dine Celje, je med 21. in 22. oktobrom 2024 potekal za\u010detek novega projektnega leta \u201eMladi pi\u0161ejo\u201c 2025.","og_url":"https:\/\/discimus-lab.com\/anstoss-zu-projektjahr-2025\/","og_site_name":"Institut Discimus Lab Tr\u017eec","article_publisher":"https:\/\/www.facebook.com\/profile.php?id=61552849460549","article_published_time":"2024-10-24T12:52:10+00:00","og_image":[{"width":1280,"height":720,"url":"https:\/\/discimus-lab.com\/wp-content\/uploads\/2024\/10\/Collage.jpg","type":"image\/jpeg"}],"author":"admin","twitter_card":"summary_large_image","twitter_misc":{"Written by":"admin","Est. reading time":"1 minuta"},"schema":{"@context":"https:\/\/schema.org","@graph":[{"@type":"Article","@id":"https:\/\/discimus-lab.com\/anstoss-zu-projektjahr-2025\/#article","isPartOf":{"@id":"https:\/\/discimus-lab.com\/anstoss-zu-projektjahr-2025\/"},"author":{"name":"admin","@id":"https:\/\/discimus-lab.com\/#\/schema\/person\/928c3cd9dd5e4c796814144fea713f21"},"headline":"Za\u010detek projektnega leta &#8220;Jugend schreibt&#8221; (Mladina pi\u0161e) 2025","datePublished":"2024-10-24T12:52:10+00:00","mainEntityOfPage":{"@id":"https:\/\/discimus-lab.com\/anstoss-zu-projektjahr-2025\/"},"wordCount":191,"publisher":{"@id":"https:\/\/discimus-lab.com\/#organization"},"image":{"@id":"https:\/\/discimus-lab.com\/anstoss-zu-projektjahr-2025\/#primaryimage"},"thumbnailUrl":"https:\/\/discimus-lab.com\/wp-content\/uploads\/2024\/10\/Collage.jpg","articleSection":["Aktualno"],"inLanguage":"sl-SI"},{"@type":"WebPage","@id":"https:\/\/discimus-lab.com\/anstoss-zu-projektjahr-2025\/","url":"https:\/\/discimus-lab.com\/anstoss-zu-projektjahr-2025\/","name":"Za\u010detek za projektno leto 2025","isPartOf":{"@id":"https:\/\/discimus-lab.com\/#website"},"primaryImageOfPage":{"@id":"https:\/\/discimus-lab.com\/anstoss-zu-projektjahr-2025\/#primaryimage"},"image":{"@id":"https:\/\/discimus-lab.com\/anstoss-zu-projektjahr-2025\/#primaryimage"},"thumbnailUrl":"https:\/\/discimus-lab.com\/wp-content\/uploads\/2024\/10\/Collage.jpg","datePublished":"2024-10-24T12:52:10+00:00","description":"Na povabilo gostitelja, Mestne ob\u010dine Celje, je med 21. in 22. oktobrom 2024 potekal za\u010detek novega projektnega leta \u201eMladi pi\u0161ejo\u201c 2025.","breadcrumb":{"@id":"https:\/\/discimus-lab.com\/anstoss-zu-projektjahr-2025\/#breadcrumb"},"inLanguage":"sl-SI","potentialAction":[{"@type":"ReadAction","target":["https:\/\/discimus-lab.com\/anstoss-zu-projektjahr-2025\/"]}]},{"@type":"ImageObject","inLanguage":"sl-SI","@id":"https:\/\/discimus-lab.com\/anstoss-zu-projektjahr-2025\/#primaryimage","url":"https:\/\/discimus-lab.com\/wp-content\/uploads\/2024\/10\/Collage.jpg","contentUrl":"https:\/\/discimus-lab.com\/wp-content\/uploads\/2024\/10\/Collage.jpg"},{"@type":"BreadcrumbList","@id":"https:\/\/discimus-lab.com\/anstoss-zu-projektjahr-2025\/#breadcrumb","itemListElement":[{"@type":"ListItem","position":1,"name":"Startseite","item":"https:\/\/discimus-lab.com\/sl\/"},{"@type":"ListItem","position":2,"name":"Za\u010detek projektnega leta &#8222;Jugend schreibt&#8220; (Mladina pi\u0161e) 2025"}]},{"@type":"WebSite","@id":"https:\/\/discimus-lab.com\/#website","url":"https:\/\/discimus-lab.com\/","name":"Institut Discimus Lab Tr\u017eec","description":"Zavod Discimus Lab Tr\u017eec","publisher":{"@id":"https:\/\/discimus-lab.com\/#organization"},"potentialAction":[{"@type":"SearchAction","target":{"@type":"EntryPoint","urlTemplate":"https:\/\/discimus-lab.com\/?s={search_term_string}"},"query-input":{"@type":"PropertyValueSpecification","valueRequired":true,"valueName":"search_term_string"}}],"inLanguage":"sl-SI"},{"@type":"Organization","@id":"https:\/\/discimus-lab.com\/#organization","name":"Institut Discimus Lab Tr\u017eec","url":"https:\/\/discimus-lab.com\/","logo":{"@type":"ImageObject","inLanguage":"sl-SI","@id":"https:\/\/discimus-lab.com\/#\/schema\/logo\/image\/","url":"https:\/\/discimus-lab.com\/wp-content\/uploads\/2021\/09\/DL-640x221.png","contentUrl":"https:\/\/discimus-lab.com\/wp-content\/uploads\/2021\/09\/DL-640x221.png","width":643,"height":222,"caption":"Institut Discimus Lab Tr\u017eec"},"image":{"@id":"https:\/\/discimus-lab.com\/#\/schema\/logo\/image\/"},"sameAs":["https:\/\/www.facebook.com\/profile.php?id=61552849460549","https:\/\/www.linkedin.com\/company\/76269864\/","https:\/\/www.instagram.com\/discimus_lab\/"]},{"@type":"Person","@id":"https:\/\/discimus-lab.com\/#\/schema\/person\/928c3cd9dd5e4c796814144fea713f21","name":"admin","image":{"@type":"ImageObject","inLanguage":"sl-SI","@id":"https:\/\/secure.gravatar.com\/avatar\/07b32fed310c95150b561ce6d226303986b7a2b8cc42522098fa5582de6e7c36?s=96&d=mm&r=g","url":"https:\/\/secure.gravatar.com\/avatar\/07b32fed310c95150b561ce6d226303986b7a2b8cc42522098fa5582de6e7c36?s=96&d=mm&r=g","contentUrl":"https:\/\/secure.gravatar.com\/avatar\/07b32fed310c95150b561ce6d226303986b7a2b8cc42522098fa5582de6e7c36?s=96&d=mm&r=g","caption":"admin"},"sameAs":["https:\/\/discimus-lab.com"],"url":"https:\/\/discimus-lab.com\/sl\/author\/admin\/"}]}},"_links":{"self":[{"href":"https:\/\/discimus-lab.com\/sl\/wp-json\/wp\/v2\/posts\/10799","targetHints":{"allow":["GET"]}}],"collection":[{"href":"https:\/\/discimus-lab.com\/sl\/wp-json\/wp\/v2\/posts"}],"about":[{"href":"https:\/\/discimus-lab.com\/sl\/wp-json\/wp\/v2\/types\/post"}],"author":[{"embeddable":true,"href":"https:\/\/discimus-lab.com\/sl\/wp-json\/wp\/v2\/users\/1"}],"replies":[{"embeddable":true,"href":"https:\/\/discimus-lab.com\/sl\/wp-json\/wp\/v2\/comments?post=10799"}],"version-history":[{"count":0,"href":"https:\/\/discimus-lab.com\/sl\/wp-json\/wp\/v2\/posts\/10799\/revisions"}],"wp:attachment":[{"href":"https:\/\/discimus-lab.com\/sl\/wp-json\/wp\/v2\/media?parent=10799"}],"wp:term":[{"taxonomy":"category","embeddable":true,"href":"https:\/\/discimus-lab.com\/sl\/wp-json\/wp\/v2\/categories?post=10799"},{"taxonomy":"post_tag","embeddable":true,"href":"https:\/\/discimus-lab.com\/sl\/wp-json\/wp\/v2\/tags?post=10799"}],"curies":[{"name":"wp","href":"https:\/\/api.w.org\/{rel}","templated":true}]}}