{"id":10471,"date":"2024-01-19T13:57:07","date_gmt":"2024-01-19T12:57:07","guid":{"rendered":"https:\/\/discimus-lab.com\/razstava-publikacij-faz-v-mariboru\/"},"modified":"2024-05-27T12:23:06","modified_gmt":"2024-05-27T10:23:06","slug":"razstava-publikacij-faz-v-mariboru","status":"publish","type":"post","link":"https:\/\/discimus-lab.com\/sl\/razstava-publikacij-faz-v-mariboru\/","title":{"rendered":"Razstava publikacij FAZ v Mariboru"},"content":{"rendered":"\n<p>Razstava &#8220;Odkrijte Slovenijo v <a href=\"https:\/\/www.linkedin.com\/company\/frankfurter-allgemeine-zeitung\/\">Frankfurter Allgemeine Zeitung<\/a>\/FAZ&#8221; v Mariboru:&#13;\nNa II. gimnaziji Maribor, ki jo je odprl ravnatelj Dr. <a href=\"https:\/\/www.linkedin.com\/in\/ACoAACXkmYgBUHI_aNRaEoduQOEcJ3U_PLC3Cbw\">Marko Jagodi\u010d,<\/a> so na ogled publikacije FAZ iz Slovenije iz obdobja 2020-2023. Program dogodka vklju\u010duje podrobno predstavitev projekta s strani Dr. <a href=\"https:\/\/www.linkedin.com\/in\/ACoAAC3N5LYBy-zihm1nXCIQimZ-_cI2xoBbrWw\">Gerald H\u00fchner<\/a> in glasbene prispevke; Doroteja Dreven\u0161ek, Ela Fale\u017e in Tin \u0160o\u0161ki\u010d poro\u010dajo o svojih projektnih izku\u0161njah, vklju\u010dno z \u201eFAZ rapom\u201c. V projektu \u201eJugend schreibt\u201c (Mladina pi\u0161e) s Frankfurter Allgemeine Zeitung\/FAZ bo leta 2024 sodelovalo 30 slovenskih dijakov, od tega \u0161est z II. gimnazije Maribor.; Celotna koordinacija: <a href=\"https:\/\/www.linkedin.com\/company\/discimus-lab\/\">INSTITUT DISCIMUS LAB<\/a>. Razstava, ki jo je omogo\u010dila STO\/<a href=\"https:\/\/www.linkedin.com\/company\/slovenian-tourist-board\/\">Slovenian Tourist Board<\/a>, bo v Mariboru na ogled do 8. februarja 2024.<\/p>\n\n<figure class=\"wp-block-gallery has-nested-images columns-default is-cropped wp-block-gallery-1 is-layout-flex wp-block-gallery-is-layout-flex\">\n<figure class=\"wp-block-image size-large\"><img fetchpriority=\"high\" decoding=\"async\" width=\"1024\" height=\"576\" data-id=\"9582\" src=\"https:\/\/discimus-lab.com\/wp-content\/uploads\/2024\/01\/1700240118-1024x576.jpg\" alt=\"\" class=\"wp-image-9582\" srcset=\"https:\/\/discimus-lab.com\/wp-content\/uploads\/2024\/01\/1700240118-1024x576.jpg 1024w, https:\/\/discimus-lab.com\/wp-content\/uploads\/2024\/01\/1700240118-300x169.jpg 300w, https:\/\/discimus-lab.com\/wp-content\/uploads\/2024\/01\/1700240118-150x84.jpg 150w, https:\/\/discimus-lab.com\/wp-content\/uploads\/2024\/01\/1700240118-768x432.jpg 768w, https:\/\/discimus-lab.com\/wp-content\/uploads\/2024\/01\/1700240118-600x338.jpg 600w, https:\/\/discimus-lab.com\/wp-content\/uploads\/2024\/01\/1700240118.jpg 1280w\" sizes=\"(max-width: 1024px) 100vw, 1024px\" \/><\/figure>\n<\/figure>\n\n<p><\/p>\n\n<p><strong>Echo<\/strong>: <strong><a href=\"https:\/\/www.rtvslo.si\/rtv365\/arhiv\/175016689?s=tv\">RTV Slovenija<\/a><\/strong><\/p>\n\n<p><strong>Echo:<\/strong> <a href=\"https:\/\/vecer.com\/maribor\/aktualno\/mariborski-drugogimnazijci-pisejo-za-nemski-casopis-frankfurter-allgemeine-zeitung-10348509\" target=\"_blank\" rel=\"noreferrer noopener\"><strong>V<\/strong><\/a><a href=\"https:\/\/vecer.com\/maribor\/aktualno\/mariborski-drugogimnazijci-pisejo-za-nemski-casopis-frankfurter-allgemeine-zeitung-10348509\"><strong>ecer<\/strong><\/a><\/p>\n\n<p class=\"has-black-color has-text-color has-link-color wp-elements-239e7d55d2ff4e1f193e3a42c9d99a51\"><strong>Echo<\/strong>: <strong><a href=\"https:\/\/www.facebook.com\/TelevizijaMaribor\/videos\/1079475613392617\/?extid=CL-UNK-UNK-UNK-AN_GK0T-GK1C&amp;ref=sharing\">Televizija Maribor<\/a><\/strong><\/p>\n","protected":false},"excerpt":{"rendered":"<p>Razstava &#8220;Odkrijte Slovenijo v Frankfurter Allgemeine Zeitung\/FAZ&#8221; v Mariboru:&#13; Na II. gimnaziji Maribor, ki jo je odprl ravnatelj Dr. Marko Jagodi\u010d, so na ogled publikacije FAZ iz Slovenije iz obdobja 2020-2023. Program dogodka vklju\u010duje podrobno predstavitev projekta s strani Dr. Gerald H\u00fchner in glasbene prispevke; Doroteja Dreven\u0161ek, Ela Fale\u017e in Tin \u0160o\u0161ki\u010d poro\u010dajo o svojih [&hellip;]<\/p>\n","protected":false},"author":1,"featured_media":0,"comment_status":"closed","ping_status":"closed","sticky":false,"template":"","format":"standard","meta":{"footnotes":""},"categories":[197],"tags":[],"class_list":["post-10471","post","type-post","status-publish","format-standard","hentry","category-novice"],"yoast_head":"<!-- This site is optimized with the Yoast SEO plugin v27.5 - https:\/\/yoast.com\/product\/yoast-seo-wordpress\/ -->\n<title>Odkrijte Slovenijo v Frankfurter Allgemeine Zeitung<\/title>\n<meta name=\"description\" content=\"Na II. gimnaziji Maribor, ki jo je odprl ravnatelj Dr. Marko Jagodi\u010d, so na ogled publikacije FAZ iz Slovenije iz obdobja 2020-2023.\" \/>\n<meta name=\"robots\" content=\"index, follow, max-snippet:-1, max-image-preview:large, max-video-preview:-1\" \/>\n<link rel=\"canonical\" href=\"https:\/\/discimus-lab.com\/sl\/razstava-publikacij-faz-v-mariboru\/\" \/>\n<meta property=\"og:locale\" content=\"sl_SI\" \/>\n<meta property=\"og:type\" content=\"article\" \/>\n<meta property=\"og:title\" content=\"Odkrijte Slovenijo v Frankfurter Allgemeine Zeitung\" \/>\n<meta property=\"og:description\" content=\"Na II. gimnaziji Maribor, ki jo je odprl ravnatelj Dr. Marko Jagodi\u010d, so na ogled publikacije FAZ iz Slovenije iz obdobja 2020-2023.\" \/>\n<meta property=\"og:url\" content=\"https:\/\/discimus-lab.com\/sl\/razstava-publikacij-faz-v-mariboru\/\" \/>\n<meta property=\"og:site_name\" content=\"Institut Discimus Lab Tr\u017eec\" \/>\n<meta property=\"article:publisher\" content=\"https:\/\/www.facebook.com\/profile.php?id=61552849460549\" \/>\n<meta property=\"article:published_time\" content=\"2024-01-19T12:57:07+00:00\" \/>\n<meta property=\"article:modified_time\" content=\"2024-05-27T10:23:06+00:00\" \/>\n<meta property=\"og:image\" content=\"https:\/\/discimus-lab.com\/wp-content\/uploads\/2024\/01\/1700240118-1024x576.jpg\" \/>\n<meta name=\"author\" content=\"admin\" \/>\n<meta name=\"twitter:card\" content=\"summary_large_image\" \/>\n<meta name=\"twitter:label1\" content=\"Written by\" \/>\n\t<meta name=\"twitter:data1\" content=\"admin\" \/>\n\t<meta name=\"twitter:label2\" content=\"Est. reading time\" \/>\n\t<meta name=\"twitter:data2\" content=\"1 minuta\" \/>\n<script type=\"application\/ld+json\" class=\"yoast-schema-graph\">{\"@context\":\"https:\\\/\\\/schema.org\",\"@graph\":[{\"@type\":\"Article\",\"@id\":\"https:\\\/\\\/discimus-lab.com\\\/sl\\\/razstava-publikacij-faz-v-mariboru\\\/#article\",\"isPartOf\":{\"@id\":\"https:\\\/\\\/discimus-lab.com\\\/sl\\\/razstava-publikacij-faz-v-mariboru\\\/\"},\"author\":{\"name\":\"admin\",\"@id\":\"https:\\\/\\\/discimus-lab.com\\\/#\\\/schema\\\/person\\\/928c3cd9dd5e4c796814144fea713f21\"},\"headline\":\"Razstava publikacij FAZ v Mariboru\",\"datePublished\":\"2024-01-19T12:57:07+00:00\",\"dateModified\":\"2024-05-27T10:23:06+00:00\",\"mainEntityOfPage\":{\"@id\":\"https:\\\/\\\/discimus-lab.com\\\/sl\\\/razstava-publikacij-faz-v-mariboru\\\/\"},\"wordCount\":129,\"publisher\":{\"@id\":\"https:\\\/\\\/discimus-lab.com\\\/#organization\"},\"image\":{\"@id\":\"https:\\\/\\\/discimus-lab.com\\\/sl\\\/razstava-publikacij-faz-v-mariboru\\\/#primaryimage\"},\"thumbnailUrl\":\"https:\\\/\\\/discimus-lab.com\\\/wp-content\\\/uploads\\\/2024\\\/01\\\/1700240118-1024x576.jpg\",\"articleSection\":[\"Aktualno\"],\"inLanguage\":\"sl-SI\"},{\"@type\":\"WebPage\",\"@id\":\"https:\\\/\\\/discimus-lab.com\\\/sl\\\/razstava-publikacij-faz-v-mariboru\\\/\",\"url\":\"https:\\\/\\\/discimus-lab.com\\\/sl\\\/razstava-publikacij-faz-v-mariboru\\\/\",\"name\":\"Odkrijte Slovenijo v Frankfurter Allgemeine Zeitung\",\"isPartOf\":{\"@id\":\"https:\\\/\\\/discimus-lab.com\\\/#website\"},\"primaryImageOfPage\":{\"@id\":\"https:\\\/\\\/discimus-lab.com\\\/sl\\\/razstava-publikacij-faz-v-mariboru\\\/#primaryimage\"},\"image\":{\"@id\":\"https:\\\/\\\/discimus-lab.com\\\/sl\\\/razstava-publikacij-faz-v-mariboru\\\/#primaryimage\"},\"thumbnailUrl\":\"https:\\\/\\\/discimus-lab.com\\\/wp-content\\\/uploads\\\/2024\\\/01\\\/1700240118-1024x576.jpg\",\"datePublished\":\"2024-01-19T12:57:07+00:00\",\"dateModified\":\"2024-05-27T10:23:06+00:00\",\"description\":\"Na II. gimnaziji Maribor, ki jo je odprl ravnatelj Dr. Marko Jagodi\u010d, so na ogled publikacije FAZ iz Slovenije iz obdobja 2020-2023.\",\"breadcrumb\":{\"@id\":\"https:\\\/\\\/discimus-lab.com\\\/sl\\\/razstava-publikacij-faz-v-mariboru\\\/#breadcrumb\"},\"inLanguage\":\"sl-SI\",\"potentialAction\":[{\"@type\":\"ReadAction\",\"target\":[\"https:\\\/\\\/discimus-lab.com\\\/sl\\\/razstava-publikacij-faz-v-mariboru\\\/\"]}]},{\"@type\":\"ImageObject\",\"inLanguage\":\"sl-SI\",\"@id\":\"https:\\\/\\\/discimus-lab.com\\\/sl\\\/razstava-publikacij-faz-v-mariboru\\\/#primaryimage\",\"url\":\"https:\\\/\\\/discimus-lab.com\\\/wp-content\\\/uploads\\\/2024\\\/01\\\/1700240118-1024x576.jpg\",\"contentUrl\":\"https:\\\/\\\/discimus-lab.com\\\/wp-content\\\/uploads\\\/2024\\\/01\\\/1700240118-1024x576.jpg\"},{\"@type\":\"BreadcrumbList\",\"@id\":\"https:\\\/\\\/discimus-lab.com\\\/sl\\\/razstava-publikacij-faz-v-mariboru\\\/#breadcrumb\",\"itemListElement\":[{\"@type\":\"ListItem\",\"position\":1,\"name\":\"Startseite\",\"item\":\"https:\\\/\\\/discimus-lab.com\\\/sl\\\/\"},{\"@type\":\"ListItem\",\"position\":2,\"name\":\"Razstava publikacij FAZ v Mariboru\"}]},{\"@type\":\"WebSite\",\"@id\":\"https:\\\/\\\/discimus-lab.com\\\/#website\",\"url\":\"https:\\\/\\\/discimus-lab.com\\\/\",\"name\":\"Institut Discimus Lab Tr\u017eec\",\"description\":\"Zavod Discimus Lab Tr\u017eec\",\"publisher\":{\"@id\":\"https:\\\/\\\/discimus-lab.com\\\/#organization\"},\"potentialAction\":[{\"@type\":\"SearchAction\",\"target\":{\"@type\":\"EntryPoint\",\"urlTemplate\":\"https:\\\/\\\/discimus-lab.com\\\/?s={search_term_string}\"},\"query-input\":{\"@type\":\"PropertyValueSpecification\",\"valueRequired\":true,\"valueName\":\"search_term_string\"}}],\"inLanguage\":\"sl-SI\"},{\"@type\":\"Organization\",\"@id\":\"https:\\\/\\\/discimus-lab.com\\\/#organization\",\"name\":\"Institut Discimus Lab Tr\u017eec\",\"url\":\"https:\\\/\\\/discimus-lab.com\\\/\",\"logo\":{\"@type\":\"ImageObject\",\"inLanguage\":\"sl-SI\",\"@id\":\"https:\\\/\\\/discimus-lab.com\\\/#\\\/schema\\\/logo\\\/image\\\/\",\"url\":\"https:\\\/\\\/discimus-lab.com\\\/wp-content\\\/uploads\\\/2021\\\/09\\\/DL-640x221.png\",\"contentUrl\":\"https:\\\/\\\/discimus-lab.com\\\/wp-content\\\/uploads\\\/2021\\\/09\\\/DL-640x221.png\",\"width\":643,\"height\":222,\"caption\":\"Institut Discimus Lab Tr\u017eec\"},\"image\":{\"@id\":\"https:\\\/\\\/discimus-lab.com\\\/#\\\/schema\\\/logo\\\/image\\\/\"},\"sameAs\":[\"https:\\\/\\\/www.facebook.com\\\/profile.php?id=61552849460549\",\"https:\\\/\\\/www.linkedin.com\\\/company\\\/76269864\\\/\",\"https:\\\/\\\/www.instagram.com\\\/discimus_lab\\\/\"]},{\"@type\":\"Person\",\"@id\":\"https:\\\/\\\/discimus-lab.com\\\/#\\\/schema\\\/person\\\/928c3cd9dd5e4c796814144fea713f21\",\"name\":\"admin\",\"image\":{\"@type\":\"ImageObject\",\"inLanguage\":\"sl-SI\",\"@id\":\"https:\\\/\\\/secure.gravatar.com\\\/avatar\\\/07b32fed310c95150b561ce6d226303986b7a2b8cc42522098fa5582de6e7c36?s=96&d=mm&r=g\",\"url\":\"https:\\\/\\\/secure.gravatar.com\\\/avatar\\\/07b32fed310c95150b561ce6d226303986b7a2b8cc42522098fa5582de6e7c36?s=96&d=mm&r=g\",\"contentUrl\":\"https:\\\/\\\/secure.gravatar.com\\\/avatar\\\/07b32fed310c95150b561ce6d226303986b7a2b8cc42522098fa5582de6e7c36?s=96&d=mm&r=g\",\"caption\":\"admin\"},\"sameAs\":[\"https:\\\/\\\/discimus-lab.com\"],\"url\":\"https:\\\/\\\/discimus-lab.com\\\/sl\\\/author\\\/admin\\\/\"}]}<\/script>\n<!-- \/ Yoast SEO plugin. -->","yoast_head_json":{"title":"Odkrijte Slovenijo v Frankfurter Allgemeine Zeitung","description":"Na II. gimnaziji Maribor, ki jo je odprl ravnatelj Dr. Marko Jagodi\u010d, so na ogled publikacije FAZ iz Slovenije iz obdobja 2020-2023.","robots":{"index":"index","follow":"follow","max-snippet":"max-snippet:-1","max-image-preview":"max-image-preview:large","max-video-preview":"max-video-preview:-1"},"canonical":"https:\/\/discimus-lab.com\/sl\/razstava-publikacij-faz-v-mariboru\/","og_locale":"sl_SI","og_type":"article","og_title":"Odkrijte Slovenijo v Frankfurter Allgemeine Zeitung","og_description":"Na II. gimnaziji Maribor, ki jo je odprl ravnatelj Dr. Marko Jagodi\u010d, so na ogled publikacije FAZ iz Slovenije iz obdobja 2020-2023.","og_url":"https:\/\/discimus-lab.com\/sl\/razstava-publikacij-faz-v-mariboru\/","og_site_name":"Institut Discimus Lab Tr\u017eec","article_publisher":"https:\/\/www.facebook.com\/profile.php?id=61552849460549","article_published_time":"2024-01-19T12:57:07+00:00","article_modified_time":"2024-05-27T10:23:06+00:00","og_image":[{"url":"https:\/\/discimus-lab.com\/wp-content\/uploads\/2024\/01\/1700240118-1024x576.jpg","type":"","width":"","height":""}],"author":"admin","twitter_card":"summary_large_image","twitter_misc":{"Written by":"admin","Est. reading time":"1 minuta"},"schema":{"@context":"https:\/\/schema.org","@graph":[{"@type":"Article","@id":"https:\/\/discimus-lab.com\/sl\/razstava-publikacij-faz-v-mariboru\/#article","isPartOf":{"@id":"https:\/\/discimus-lab.com\/sl\/razstava-publikacij-faz-v-mariboru\/"},"author":{"name":"admin","@id":"https:\/\/discimus-lab.com\/#\/schema\/person\/928c3cd9dd5e4c796814144fea713f21"},"headline":"Razstava publikacij FAZ v Mariboru","datePublished":"2024-01-19T12:57:07+00:00","dateModified":"2024-05-27T10:23:06+00:00","mainEntityOfPage":{"@id":"https:\/\/discimus-lab.com\/sl\/razstava-publikacij-faz-v-mariboru\/"},"wordCount":129,"publisher":{"@id":"https:\/\/discimus-lab.com\/#organization"},"image":{"@id":"https:\/\/discimus-lab.com\/sl\/razstava-publikacij-faz-v-mariboru\/#primaryimage"},"thumbnailUrl":"https:\/\/discimus-lab.com\/wp-content\/uploads\/2024\/01\/1700240118-1024x576.jpg","articleSection":["Aktualno"],"inLanguage":"sl-SI"},{"@type":"WebPage","@id":"https:\/\/discimus-lab.com\/sl\/razstava-publikacij-faz-v-mariboru\/","url":"https:\/\/discimus-lab.com\/sl\/razstava-publikacij-faz-v-mariboru\/","name":"Odkrijte Slovenijo v Frankfurter Allgemeine Zeitung","isPartOf":{"@id":"https:\/\/discimus-lab.com\/#website"},"primaryImageOfPage":{"@id":"https:\/\/discimus-lab.com\/sl\/razstava-publikacij-faz-v-mariboru\/#primaryimage"},"image":{"@id":"https:\/\/discimus-lab.com\/sl\/razstava-publikacij-faz-v-mariboru\/#primaryimage"},"thumbnailUrl":"https:\/\/discimus-lab.com\/wp-content\/uploads\/2024\/01\/1700240118-1024x576.jpg","datePublished":"2024-01-19T12:57:07+00:00","dateModified":"2024-05-27T10:23:06+00:00","description":"Na II. gimnaziji Maribor, ki jo je odprl ravnatelj Dr. Marko Jagodi\u010d, so na ogled publikacije FAZ iz Slovenije iz obdobja 2020-2023.","breadcrumb":{"@id":"https:\/\/discimus-lab.com\/sl\/razstava-publikacij-faz-v-mariboru\/#breadcrumb"},"inLanguage":"sl-SI","potentialAction":[{"@type":"ReadAction","target":["https:\/\/discimus-lab.com\/sl\/razstava-publikacij-faz-v-mariboru\/"]}]},{"@type":"ImageObject","inLanguage":"sl-SI","@id":"https:\/\/discimus-lab.com\/sl\/razstava-publikacij-faz-v-mariboru\/#primaryimage","url":"https:\/\/discimus-lab.com\/wp-content\/uploads\/2024\/01\/1700240118-1024x576.jpg","contentUrl":"https:\/\/discimus-lab.com\/wp-content\/uploads\/2024\/01\/1700240118-1024x576.jpg"},{"@type":"BreadcrumbList","@id":"https:\/\/discimus-lab.com\/sl\/razstava-publikacij-faz-v-mariboru\/#breadcrumb","itemListElement":[{"@type":"ListItem","position":1,"name":"Startseite","item":"https:\/\/discimus-lab.com\/sl\/"},{"@type":"ListItem","position":2,"name":"Razstava publikacij FAZ v Mariboru"}]},{"@type":"WebSite","@id":"https:\/\/discimus-lab.com\/#website","url":"https:\/\/discimus-lab.com\/","name":"Institut Discimus Lab Tr\u017eec","description":"Zavod Discimus Lab Tr\u017eec","publisher":{"@id":"https:\/\/discimus-lab.com\/#organization"},"potentialAction":[{"@type":"SearchAction","target":{"@type":"EntryPoint","urlTemplate":"https:\/\/discimus-lab.com\/?s={search_term_string}"},"query-input":{"@type":"PropertyValueSpecification","valueRequired":true,"valueName":"search_term_string"}}],"inLanguage":"sl-SI"},{"@type":"Organization","@id":"https:\/\/discimus-lab.com\/#organization","name":"Institut Discimus Lab Tr\u017eec","url":"https:\/\/discimus-lab.com\/","logo":{"@type":"ImageObject","inLanguage":"sl-SI","@id":"https:\/\/discimus-lab.com\/#\/schema\/logo\/image\/","url":"https:\/\/discimus-lab.com\/wp-content\/uploads\/2021\/09\/DL-640x221.png","contentUrl":"https:\/\/discimus-lab.com\/wp-content\/uploads\/2021\/09\/DL-640x221.png","width":643,"height":222,"caption":"Institut Discimus Lab Tr\u017eec"},"image":{"@id":"https:\/\/discimus-lab.com\/#\/schema\/logo\/image\/"},"sameAs":["https:\/\/www.facebook.com\/profile.php?id=61552849460549","https:\/\/www.linkedin.com\/company\/76269864\/","https:\/\/www.instagram.com\/discimus_lab\/"]},{"@type":"Person","@id":"https:\/\/discimus-lab.com\/#\/schema\/person\/928c3cd9dd5e4c796814144fea713f21","name":"admin","image":{"@type":"ImageObject","inLanguage":"sl-SI","@id":"https:\/\/secure.gravatar.com\/avatar\/07b32fed310c95150b561ce6d226303986b7a2b8cc42522098fa5582de6e7c36?s=96&d=mm&r=g","url":"https:\/\/secure.gravatar.com\/avatar\/07b32fed310c95150b561ce6d226303986b7a2b8cc42522098fa5582de6e7c36?s=96&d=mm&r=g","contentUrl":"https:\/\/secure.gravatar.com\/avatar\/07b32fed310c95150b561ce6d226303986b7a2b8cc42522098fa5582de6e7c36?s=96&d=mm&r=g","caption":"admin"},"sameAs":["https:\/\/discimus-lab.com"],"url":"https:\/\/discimus-lab.com\/sl\/author\/admin\/"}]}},"_links":{"self":[{"href":"https:\/\/discimus-lab.com\/sl\/wp-json\/wp\/v2\/posts\/10471","targetHints":{"allow":["GET"]}}],"collection":[{"href":"https:\/\/discimus-lab.com\/sl\/wp-json\/wp\/v2\/posts"}],"about":[{"href":"https:\/\/discimus-lab.com\/sl\/wp-json\/wp\/v2\/types\/post"}],"author":[{"embeddable":true,"href":"https:\/\/discimus-lab.com\/sl\/wp-json\/wp\/v2\/users\/1"}],"replies":[{"embeddable":true,"href":"https:\/\/discimus-lab.com\/sl\/wp-json\/wp\/v2\/comments?post=10471"}],"version-history":[{"count":1,"href":"https:\/\/discimus-lab.com\/sl\/wp-json\/wp\/v2\/posts\/10471\/revisions"}],"predecessor-version":[{"id":10472,"href":"https:\/\/discimus-lab.com\/sl\/wp-json\/wp\/v2\/posts\/10471\/revisions\/10472"}],"wp:attachment":[{"href":"https:\/\/discimus-lab.com\/sl\/wp-json\/wp\/v2\/media?parent=10471"}],"wp:term":[{"taxonomy":"category","embeddable":true,"href":"https:\/\/discimus-lab.com\/sl\/wp-json\/wp\/v2\/categories?post=10471"},{"taxonomy":"post_tag","embeddable":true,"href":"https:\/\/discimus-lab.com\/sl\/wp-json\/wp\/v2\/tags?post=10471"}],"curies":[{"name":"wp","href":"https:\/\/api.w.org\/{rel}","templated":true}]}}